{"id":3090,"date":"2025-05-15T10:42:34","date_gmt":"2025-05-15T10:42:34","guid":{"rendered":"https:\/\/simplygest.cloud\/academy\/?p=3090"},"modified":"2025-11-17T12:20:51","modified_gmt":"2025-11-17T12:20:51","slug":"como-registrar-una-factura-en-regimen-de-ventanilla-unica-con-verifactu","status":"publish","type":"post","link":"https:\/\/simplygest.cloud\/academy\/como-registrar-una-factura-en-regimen-de-ventanilla-unica-con-verifactu\/","title":{"rendered":"C\u00f3mo registrar una Factura en R\u00e9gimen de \u00abVentanilla \u00danica\u00bb con VeriFactu"},"content":{"rendered":"\n<h3 class=\"wp-block-heading\">Antes de nada&#8230; \u00bfQu\u00e9 es la Ventanilla \u00danica?<\/h3>\n\n\n\n<p>Esta informaci\u00f3n ha sido extra\u00edda de la gu\u00eda oficial de la Agencia Tributaria sobre el <strong>R\u00e9gimen de Ventanilla \u00danica<\/strong>, que puedes encontrar <a href=\"https:\/\/sede.agenciatributaria.gob.es\/Sede\/iva\/iva-comercio-electronico\/cuestiones-generales.html?faqId=2e8c790496d78710VgnVCM100000dc381e0aRCRD\" target=\"_blank\" rel=\"noreferrer noopener\">aqu\u00ed<\/a>.<\/p>\n\n\n\n<p>\u00abTodos los servicios prestados por un empresario o profesional a particulares consumidores finales que tengan lugar en Estados miembros donde no est\u00e9 establecido el empresario o profesional, as\u00ed como a las ventas a distancia de bienes y a determinadas entregas nacionales de bienes. Por tanto, pasar\u00e1 a tener la denominaci\u00f3n de&nbsp;<strong>ventanilla \u00fanica<\/strong>\u00ab.<\/p>\n\n\n\n<p>La <a href=\"https:\/\/sede.agenciatributaria.gob.es\/Sede\/iva\/iva-comercio-electronico\/gestiones-iva-comercio-electronico.html\" target=\"_blank\" rel=\"noreferrer noopener\">Ventanilla \u00danica<\/a> es un Portal Web habilitado para que las empresas puedan declarar y pagar el IVA de forma telem\u00e1tica, evitando as\u00ed a las empresas darse de alta en la la Administraci\u00f3n de cada pa\u00eds.<\/p>\n\n\n\n<p>A partir del 1 de julio de 2021, <strong>las empresas que vendan productos o servicios a clientes finales en pa\u00edses de la Uni\u00f3n Europea<\/strong>:<\/p>\n\n\n\n<ul class=\"wp-block-list\">\n<li>Si no se han dado de alta en el nuevo r\u00e9gimen, y no han superado los 10.000\u20ac de facturaci\u00f3n, deben emitir las<strong>&nbsp;facturas de venta con el IVA espa\u00f1ol<\/strong>, es decir, como una factura ordinaria habitual.<\/li>\n\n\n\n<li>A partir de los 10.000\u20ac de facturaci\u00f3n a clientes finales en pa\u00edses de la Uni\u00f3n Europea, las facturas de venta deben incluir el IVA <strong>del pa\u00eds de destino<\/strong>. Adem\u00e1s las empresas deben darse de&nbsp; alta en el<strong> R\u00e9gimen de la Uni\u00f3n o IVA OSS<\/strong>&nbsp;e ingresar trimestralmente el IVA a trav\u00e9s de la <strong>Ventanilla \u00danica<\/strong> mediante el <strong>modelo 369<\/strong>.<\/li>\n<\/ul>\n\n\n\n<p>Dicho de otra manera&#8230;<\/p>\n\n\n\n<p>Si las&nbsp;<strong>ventas se realizan a clientes particulares de la Uni\u00f3n Europea<\/strong>, se aplica el IVA espa\u00f1ol en las facturas hasta que se alcancen los 10.000\u20ac. Cuando se supere ese importe en este tipo de ventas, tendr\u00e1 que darse de alta en el&nbsp;R\u00e9gimen de la Uni\u00f3n&nbsp;y aplicar el IVA del pa\u00eds del destinatario de la factura. Este IVA aplicado se declarar\u00e1 a trav\u00e9s de la <a href=\"https:\/\/sede.agenciatributaria.gob.es\/Sede\/iva\/iva-comercio-electronico\/gestiones-iva-comercio-electronico.html\">Ventanilla \u00danica o OSS<\/a>.<\/p>\n\n\n\n<p>Si las ventas se realizan a <strong>Empresas de la Uni\u00f3n Europea (no particulares)<\/strong> y est\u00e1n dadas de alta en el ROI, las facturas no incluyen IVA, al tratarse de una operaci\u00f3n intracomunitaria.<\/p>\n\n\n\n<p>Si las ventas se realizan a <strong>Empresas fuera de a UE<\/strong>, se trata entonces de una <strong>Exportaci\u00f3n<\/strong>, por lo que no se aplicar\u00e1 el IVA en la factura.<\/p>\n\n\n\n<h3 class=\"wp-block-heading\">C\u00f3mo hacer una factura de Ventanilla \u00danica con SimplyGest Cloud<\/h3>\n\n\n\n<p>En primer lugar, debes <strong>dar de alta los impuestos<\/strong> (Tipos de IVA) del pa\u00eds de la UE con el que vas a trabajar. Recuerda que puedes crear tipos de IVA ilimitados. As\u00edgnales un nombre identificativo a los nuevos IVAs comunitarios para diferenciarlos de los dem\u00e1s.<\/p>\n\n\n<div class=\"wp-block-image\">\n<figure class=\"aligncenter size-large is-resized\"><img loading=\"lazy\" decoding=\"async\" width=\"1024\" height=\"427\" src=\"https:\/\/simplygest.cloud\/academy\/wp-content\/uploads\/2025\/05\/image-1-1024x427.png\" alt=\"\" class=\"wp-image-3092\" style=\"width:742px;height:auto\" srcset=\"https:\/\/simplygest.cloud\/academy\/wp-content\/uploads\/2025\/05\/image-1-1024x427.png 1024w, https:\/\/simplygest.cloud\/academy\/wp-content\/uploads\/2025\/05\/image-1-300x125.png 300w, https:\/\/simplygest.cloud\/academy\/wp-content\/uploads\/2025\/05\/image-1-768x320.png 768w, https:\/\/simplygest.cloud\/academy\/wp-content\/uploads\/2025\/05\/image-1.png 1076w\" sizes=\"(max-width: 1024px) 100vw, 1024px\" \/><\/figure><\/div>\n\n\n<p>Por ejemplo, en Francia el Tipo de IVA es del 20%, por lo que deber\u00e1s crear un tipo de IVA 20% en SimplyGest Cloud para poder utilizarlo.<\/p>\n\n\n\n<p>A continuaci\u00f3n, busca (o crea) la ficha del Cliente de tu factura y aseg\u00farate de que sus datos fiscales son correctos, sobre todo el \u00ab<em><strong>Pa\u00eds<\/strong><\/em>\u00ab. Comprueba tambi\u00e9n que en el desplegable \u00ab<strong>Clave R\u00e9gimen<\/strong>\u00bb has seleccionado \u00ab<em>17 &#8211; Operaci\u00f3n acogida a alguno de los reg\u00edmenes previstos en el Cap\u00edtulo XI del T\u00edtulo IX (OSS e IOSS)<\/em>\u00ab. Adem\u00e1s, en \u00ab<strong>Exenta\/Sujeta<\/strong>\u00ab, indica la opci\u00f3n \u00ab<em>N2 &#8211; Operaci\u00f3n no sujeta por reglas de localizaci\u00f3n<\/em>\u00ab.<\/p>\n\n\n<div class=\"wp-block-image\">\n<figure class=\"aligncenter size-full\"><img loading=\"lazy\" decoding=\"async\" width=\"919\" height=\"166\" src=\"https:\/\/simplygest.cloud\/academy\/wp-content\/uploads\/2025\/05\/image.png\" alt=\"\" class=\"wp-image-3091\" srcset=\"https:\/\/simplygest.cloud\/academy\/wp-content\/uploads\/2025\/05\/image.png 919w, https:\/\/simplygest.cloud\/academy\/wp-content\/uploads\/2025\/05\/image-300x54.png 300w, https:\/\/simplygest.cloud\/academy\/wp-content\/uploads\/2025\/05\/image-768x139.png 768w\" sizes=\"(max-width: 919px) 100vw, 919px\" \/><\/figure><\/div>\n\n\n<p>A la hora de elaborar la factura, aseg\u00farate de que el IVA asignado a los productos es el correcto seg\u00fan el pa\u00eds del cliente, ya que por defecto se aplicar\u00e1 el IVA predeterminado del producto.<\/p>\n\n\n<div class=\"wp-block-image\">\n<figure class=\"aligncenter size-large\"><img loading=\"lazy\" decoding=\"async\" width=\"1024\" height=\"370\" src=\"https:\/\/simplygest.cloud\/academy\/wp-content\/uploads\/2025\/05\/image-2-1024x370.png\" alt=\"\" class=\"wp-image-3093\" srcset=\"https:\/\/simplygest.cloud\/academy\/wp-content\/uploads\/2025\/05\/image-2-1024x370.png 1024w, https:\/\/simplygest.cloud\/academy\/wp-content\/uploads\/2025\/05\/image-2-300x108.png 300w, https:\/\/simplygest.cloud\/academy\/wp-content\/uploads\/2025\/05\/image-2-768x277.png 768w, https:\/\/simplygest.cloud\/academy\/wp-content\/uploads\/2025\/05\/image-2.png 1141w\" sizes=\"(max-width: 1024px) 100vw, 1024px\" \/><\/figure><\/div>\n\n\n<p><strong>\u00bfQu\u00e9 conseguimos con esto?<\/strong><\/p>\n\n\n\n<p>Para la Hacienda espa\u00f1ola, se trata de una operaci\u00f3n <strong>no sujeta<\/strong> al IVA espa\u00f1ol, PERO no es Exenta. Es decir, la factura lleva IVA, pero es el IVA franc\u00e9s, as\u00ed que Hacienda no quiere saber nada al respecto (de momento).<\/p>\n\n\n\n<p>Por lo tanto, tenemos una factura con IVA franc\u00e9s, en la que hemos indicado <strong>Clave R\u00e9gimen \u00ab17\u00bb<\/strong> y <strong>Exenta\/Sujeta \u00abN2\u00bb<\/strong>.<\/p>\n","protected":false},"excerpt":{"rendered":"<p>Antes de nada&#8230; \u00bfQu\u00e9 es la Ventanilla \u00danica? Esta informaci\u00f3n ha sido extra\u00edda de la gu\u00eda oficial de la Agencia Tributaria sobre el R\u00e9gimen de Ventanilla \u00danica, que puedes encontrar aqu\u00ed. \u00abTodos los servicios prestados por un empresario o profesional a particulares consumidores finales que tengan lugar en Estados miembros donde no est\u00e9 establecido el [&hellip;]<\/p>\n","protected":false},"author":1,"featured_media":0,"comment_status":"closed","ping_status":"open","sticky":false,"template":"","format":"standard","meta":{"footnotes":""},"categories":[11,7],"tags":[],"class_list":["post-3090","post","type-post","status-publish","format-standard","hentry","category-administracion","category-crear-facturas-presupuestos-ingresos"],"yoast_head":"<!-- This site is optimized with the Yoast SEO plugin v23.8 - https:\/\/yoast.com\/wordpress\/plugins\/seo\/ -->\n<title>C\u00f3mo registrar una Factura en R\u00e9gimen de &quot;Ventanilla \u00danica&quot; con VeriFactu | SimplyGest Cloud Academy<\/title>\n<meta name=\"description\" content=\"C\u00f3mo registrar una Factura en R\u00e9gimen de &quot;Ventanilla \u00danica&quot; con VeriFactu | Administraci\u00f3n | SimplyGest Cloud Academy\" \/>\n<meta name=\"robots\" content=\"index, follow, max-snippet:-1, max-image-preview:large, max-video-preview:-1\" \/>\n<link rel=\"canonical\" href=\"https:\/\/simplygest.cloud\/academy\/como-registrar-una-factura-en-regimen-de-ventanilla-unica-con-verifactu\/\" \/>\n<meta property=\"og:locale\" content=\"es_ES\" \/>\n<meta property=\"og:type\" content=\"article\" \/>\n<meta property=\"og:title\" content=\"C\u00f3mo registrar una Factura en R\u00e9gimen de &quot;Ventanilla \u00danica&quot; con VeriFactu | SimplyGest Cloud Academy\" \/>\n<meta property=\"og:description\" content=\"C\u00f3mo registrar una Factura en R\u00e9gimen de &quot;Ventanilla \u00danica&quot; con VeriFactu | Administraci\u00f3n | SimplyGest Cloud Academy\" \/>\n<meta property=\"og:url\" content=\"https:\/\/simplygest.cloud\/academy\/como-registrar-una-factura-en-regimen-de-ventanilla-unica-con-verifactu\/\" \/>\n<meta property=\"og:site_name\" content=\"SimplyGest Cloud Academy\" \/>\n<meta property=\"article:publisher\" content=\"https:\/\/www.facebook.com\/simplygest\" \/>\n<meta property=\"article:published_time\" content=\"2025-05-15T10:42:34+00:00\" \/>\n<meta property=\"article:modified_time\" content=\"2025-11-17T12:20:51+00:00\" \/>\n<meta property=\"og:image\" content=\"https:\/\/simplygest.cloud\/academy\/wp-content\/uploads\/2025\/05\/image-1.png\" \/>\n\t<meta property=\"og:image:width\" content=\"1076\" \/>\n\t<meta property=\"og:image:height\" content=\"449\" \/>\n\t<meta property=\"og:image:type\" content=\"image\/png\" \/>\n<meta name=\"author\" content=\"sgcloudacademy\" \/>\n<meta name=\"twitter:card\" content=\"summary_large_image\" \/>\n<meta name=\"twitter:creator\" content=\"@simplygest\" \/>\n<meta name=\"twitter:site\" content=\"@simplygest\" \/>\n<meta name=\"twitter:label1\" content=\"Escrito por\" \/>\n\t<meta name=\"twitter:data1\" content=\"sgcloudacademy\" \/>\n\t<meta name=\"twitter:label2\" content=\"Tiempo de lectura\" \/>\n\t<meta name=\"twitter:data2\" content=\"4 minutos\" \/>\n<script type=\"application\/ld+json\" class=\"yoast-schema-graph\">{\"@context\":\"https:\/\/schema.org\",\"@graph\":[{\"@type\":\"Article\",\"@id\":\"https:\/\/simplygest.cloud\/academy\/como-registrar-una-factura-en-regimen-de-ventanilla-unica-con-verifactu\/#article\",\"isPartOf\":{\"@id\":\"https:\/\/simplygest.cloud\/academy\/como-registrar-una-factura-en-regimen-de-ventanilla-unica-con-verifactu\/\"},\"author\":{\"name\":\"sgcloudacademy\",\"@id\":\"https:\/\/simplygest.cloud\/academy\/#\/schema\/person\/a8b5e471cdf93e073ad642aaf943ce03\"},\"headline\":\"C\u00f3mo registrar una Factura en R\u00e9gimen de \u00abVentanilla \u00danica\u00bb con VeriFactu\",\"datePublished\":\"2025-05-15T10:42:34+00:00\",\"dateModified\":\"2025-11-17T12:20:51+00:00\",\"mainEntityOfPage\":{\"@id\":\"https:\/\/simplygest.cloud\/academy\/como-registrar-una-factura-en-regimen-de-ventanilla-unica-con-verifactu\/\"},\"wordCount\":695,\"publisher\":{\"@id\":\"https:\/\/simplygest.cloud\/academy\/#organization\"},\"image\":{\"@id\":\"https:\/\/simplygest.cloud\/academy\/como-registrar-una-factura-en-regimen-de-ventanilla-unica-con-verifactu\/#primaryimage\"},\"thumbnailUrl\":\"https:\/\/simplygest.cloud\/academy\/wp-content\/uploads\/2025\/05\/image-1-1024x427.png\",\"articleSection\":[\"Administraci\u00f3n\",\"Crear facturas, presupuestos, ingresos...\"],\"inLanguage\":\"es\"},{\"@type\":\"WebPage\",\"@id\":\"https:\/\/simplygest.cloud\/academy\/como-registrar-una-factura-en-regimen-de-ventanilla-unica-con-verifactu\/\",\"url\":\"https:\/\/simplygest.cloud\/academy\/como-registrar-una-factura-en-regimen-de-ventanilla-unica-con-verifactu\/\",\"name\":\"C\u00f3mo registrar una Factura en R\u00e9gimen de \\\"Ventanilla \u00danica\\\" con VeriFactu | SimplyGest Cloud Academy\",\"isPartOf\":{\"@id\":\"https:\/\/simplygest.cloud\/academy\/#website\"},\"primaryImageOfPage\":{\"@id\":\"https:\/\/simplygest.cloud\/academy\/como-registrar-una-factura-en-regimen-de-ventanilla-unica-con-verifactu\/#primaryimage\"},\"image\":{\"@id\":\"https:\/\/simplygest.cloud\/academy\/como-registrar-una-factura-en-regimen-de-ventanilla-unica-con-verifactu\/#primaryimage\"},\"thumbnailUrl\":\"https:\/\/simplygest.cloud\/academy\/wp-content\/uploads\/2025\/05\/image-1-1024x427.png\",\"datePublished\":\"2025-05-15T10:42:34+00:00\",\"dateModified\":\"2025-11-17T12:20:51+00:00\",\"description\":\"C\u00f3mo registrar una Factura en R\u00e9gimen de \\\"Ventanilla \u00danica\\\" con VeriFactu | Administraci\u00f3n | SimplyGest Cloud Academy\",\"breadcrumb\":{\"@id\":\"https:\/\/simplygest.cloud\/academy\/como-registrar-una-factura-en-regimen-de-ventanilla-unica-con-verifactu\/#breadcrumb\"},\"inLanguage\":\"es\",\"potentialAction\":[{\"@type\":\"ReadAction\",\"target\":[\"https:\/\/simplygest.cloud\/academy\/como-registrar-una-factura-en-regimen-de-ventanilla-unica-con-verifactu\/\"]}]},{\"@type\":\"ImageObject\",\"inLanguage\":\"es\",\"@id\":\"https:\/\/simplygest.cloud\/academy\/como-registrar-una-factura-en-regimen-de-ventanilla-unica-con-verifactu\/#primaryimage\",\"url\":\"https:\/\/simplygest.cloud\/academy\/wp-content\/uploads\/2025\/05\/image-1.png\",\"contentUrl\":\"https:\/\/simplygest.cloud\/academy\/wp-content\/uploads\/2025\/05\/image-1.png\",\"width\":1076,\"height\":449},{\"@type\":\"BreadcrumbList\",\"@id\":\"https:\/\/simplygest.cloud\/academy\/como-registrar-una-factura-en-regimen-de-ventanilla-unica-con-verifactu\/#breadcrumb\",\"itemListElement\":[{\"@type\":\"ListItem\",\"position\":1,\"name\":\"Portada\",\"item\":\"https:\/\/simplygest.cloud\/academy\/\"},{\"@type\":\"ListItem\",\"position\":2,\"name\":\"C\u00f3mo registrar una Factura en R\u00e9gimen de \u00abVentanilla \u00danica\u00bb con VeriFactu\"}]},{\"@type\":\"WebSite\",\"@id\":\"https:\/\/simplygest.cloud\/academy\/#website\",\"url\":\"https:\/\/simplygest.cloud\/academy\/\",\"name\":\"SimplyGest Cloud Academy\",\"description\":\"El punto de partida para encontrar respuestas a todas tus dudas\",\"publisher\":{\"@id\":\"https:\/\/simplygest.cloud\/academy\/#organization\"},\"potentialAction\":[{\"@type\":\"SearchAction\",\"target\":{\"@type\":\"EntryPoint\",\"urlTemplate\":\"https:\/\/simplygest.cloud\/academy\/?s={search_term_string}\"},\"query-input\":{\"@type\":\"PropertyValueSpecification\",\"valueRequired\":true,\"valueName\":\"search_term_string\"}}],\"inLanguage\":\"es\"},{\"@type\":\"Organization\",\"@id\":\"https:\/\/simplygest.cloud\/academy\/#organization\",\"name\":\"SimplyGest Cloud\",\"url\":\"https:\/\/simplygest.cloud\/academy\/\",\"logo\":{\"@type\":\"ImageObject\",\"inLanguage\":\"es\",\"@id\":\"https:\/\/simplygest.cloud\/academy\/#\/schema\/logo\/image\/\",\"url\":\"https:\/\/simplygest.cloud\/academy\/wp-content\/uploads\/2023\/07\/logosgcloud.png\",\"contentUrl\":\"https:\/\/simplygest.cloud\/academy\/wp-content\/uploads\/2023\/07\/logosgcloud.png\",\"width\":512,\"height\":512,\"caption\":\"SimplyGest Cloud\"},\"image\":{\"@id\":\"https:\/\/simplygest.cloud\/academy\/#\/schema\/logo\/image\/\"},\"sameAs\":[\"https:\/\/www.facebook.com\/simplygest\",\"https:\/\/x.com\/simplygest\"]},{\"@type\":\"Person\",\"@id\":\"https:\/\/simplygest.cloud\/academy\/#\/schema\/person\/a8b5e471cdf93e073ad642aaf943ce03\",\"name\":\"sgcloudacademy\",\"image\":{\"@type\":\"ImageObject\",\"inLanguage\":\"es\",\"@id\":\"https:\/\/simplygest.cloud\/academy\/#\/schema\/person\/image\/\",\"url\":\"https:\/\/secure.gravatar.com\/avatar\/7e4c4f906405d80735ffe55942402dd2?s=96&d=mm&r=g\",\"contentUrl\":\"https:\/\/secure.gravatar.com\/avatar\/7e4c4f906405d80735ffe55942402dd2?s=96&d=mm&r=g\",\"caption\":\"sgcloudacademy\"},\"sameAs\":[\"https:\/\/simplygest.cloud\/academy\"],\"url\":\"https:\/\/simplygest.cloud\/academy\/author\/sgcloudacademy\/\"}]}<\/script>\n<!-- \/ Yoast SEO plugin. -->","yoast_head_json":{"title":"C\u00f3mo registrar una Factura en R\u00e9gimen de \"Ventanilla \u00danica\" con VeriFactu | SimplyGest Cloud Academy","description":"C\u00f3mo registrar una Factura en R\u00e9gimen de \"Ventanilla \u00danica\" con VeriFactu | Administraci\u00f3n | SimplyGest Cloud Academy","robots":{"index":"index","follow":"follow","max-snippet":"max-snippet:-1","max-image-preview":"max-image-preview:large","max-video-preview":"max-video-preview:-1"},"canonical":"https:\/\/simplygest.cloud\/academy\/como-registrar-una-factura-en-regimen-de-ventanilla-unica-con-verifactu\/","og_locale":"es_ES","og_type":"article","og_title":"C\u00f3mo registrar una Factura en R\u00e9gimen de \"Ventanilla \u00danica\" con VeriFactu | SimplyGest Cloud Academy","og_description":"C\u00f3mo registrar una Factura en R\u00e9gimen de \"Ventanilla \u00danica\" con VeriFactu | Administraci\u00f3n | SimplyGest Cloud Academy","og_url":"https:\/\/simplygest.cloud\/academy\/como-registrar-una-factura-en-regimen-de-ventanilla-unica-con-verifactu\/","og_site_name":"SimplyGest Cloud Academy","article_publisher":"https:\/\/www.facebook.com\/simplygest","article_published_time":"2025-05-15T10:42:34+00:00","article_modified_time":"2025-11-17T12:20:51+00:00","og_image":[{"width":1076,"height":449,"url":"https:\/\/simplygest.cloud\/academy\/wp-content\/uploads\/2025\/05\/image-1.png","type":"image\/png"}],"author":"sgcloudacademy","twitter_card":"summary_large_image","twitter_creator":"@simplygest","twitter_site":"@simplygest","twitter_misc":{"Escrito por":"sgcloudacademy","Tiempo de lectura":"4 minutos"},"schema":{"@context":"https:\/\/schema.org","@graph":[{"@type":"Article","@id":"https:\/\/simplygest.cloud\/academy\/como-registrar-una-factura-en-regimen-de-ventanilla-unica-con-verifactu\/#article","isPartOf":{"@id":"https:\/\/simplygest.cloud\/academy\/como-registrar-una-factura-en-regimen-de-ventanilla-unica-con-verifactu\/"},"author":{"name":"sgcloudacademy","@id":"https:\/\/simplygest.cloud\/academy\/#\/schema\/person\/a8b5e471cdf93e073ad642aaf943ce03"},"headline":"C\u00f3mo registrar una Factura en R\u00e9gimen de \u00abVentanilla \u00danica\u00bb con VeriFactu","datePublished":"2025-05-15T10:42:34+00:00","dateModified":"2025-11-17T12:20:51+00:00","mainEntityOfPage":{"@id":"https:\/\/simplygest.cloud\/academy\/como-registrar-una-factura-en-regimen-de-ventanilla-unica-con-verifactu\/"},"wordCount":695,"publisher":{"@id":"https:\/\/simplygest.cloud\/academy\/#organization"},"image":{"@id":"https:\/\/simplygest.cloud\/academy\/como-registrar-una-factura-en-regimen-de-ventanilla-unica-con-verifactu\/#primaryimage"},"thumbnailUrl":"https:\/\/simplygest.cloud\/academy\/wp-content\/uploads\/2025\/05\/image-1-1024x427.png","articleSection":["Administraci\u00f3n","Crear facturas, presupuestos, ingresos..."],"inLanguage":"es"},{"@type":"WebPage","@id":"https:\/\/simplygest.cloud\/academy\/como-registrar-una-factura-en-regimen-de-ventanilla-unica-con-verifactu\/","url":"https:\/\/simplygest.cloud\/academy\/como-registrar-una-factura-en-regimen-de-ventanilla-unica-con-verifactu\/","name":"C\u00f3mo registrar una Factura en R\u00e9gimen de \"Ventanilla \u00danica\" con VeriFactu | SimplyGest Cloud Academy","isPartOf":{"@id":"https:\/\/simplygest.cloud\/academy\/#website"},"primaryImageOfPage":{"@id":"https:\/\/simplygest.cloud\/academy\/como-registrar-una-factura-en-regimen-de-ventanilla-unica-con-verifactu\/#primaryimage"},"image":{"@id":"https:\/\/simplygest.cloud\/academy\/como-registrar-una-factura-en-regimen-de-ventanilla-unica-con-verifactu\/#primaryimage"},"thumbnailUrl":"https:\/\/simplygest.cloud\/academy\/wp-content\/uploads\/2025\/05\/image-1-1024x427.png","datePublished":"2025-05-15T10:42:34+00:00","dateModified":"2025-11-17T12:20:51+00:00","description":"C\u00f3mo registrar una Factura en R\u00e9gimen de \"Ventanilla \u00danica\" con VeriFactu | Administraci\u00f3n | SimplyGest Cloud Academy","breadcrumb":{"@id":"https:\/\/simplygest.cloud\/academy\/como-registrar-una-factura-en-regimen-de-ventanilla-unica-con-verifactu\/#breadcrumb"},"inLanguage":"es","potentialAction":[{"@type":"ReadAction","target":["https:\/\/simplygest.cloud\/academy\/como-registrar-una-factura-en-regimen-de-ventanilla-unica-con-verifactu\/"]}]},{"@type":"ImageObject","inLanguage":"es","@id":"https:\/\/simplygest.cloud\/academy\/como-registrar-una-factura-en-regimen-de-ventanilla-unica-con-verifactu\/#primaryimage","url":"https:\/\/simplygest.cloud\/academy\/wp-content\/uploads\/2025\/05\/image-1.png","contentUrl":"https:\/\/simplygest.cloud\/academy\/wp-content\/uploads\/2025\/05\/image-1.png","width":1076,"height":449},{"@type":"BreadcrumbList","@id":"https:\/\/simplygest.cloud\/academy\/como-registrar-una-factura-en-regimen-de-ventanilla-unica-con-verifactu\/#breadcrumb","itemListElement":[{"@type":"ListItem","position":1,"name":"Portada","item":"https:\/\/simplygest.cloud\/academy\/"},{"@type":"ListItem","position":2,"name":"C\u00f3mo registrar una Factura en R\u00e9gimen de \u00abVentanilla \u00danica\u00bb con VeriFactu"}]},{"@type":"WebSite","@id":"https:\/\/simplygest.cloud\/academy\/#website","url":"https:\/\/simplygest.cloud\/academy\/","name":"SimplyGest Cloud Academy","description":"El punto de partida para encontrar respuestas a todas tus dudas","publisher":{"@id":"https:\/\/simplygest.cloud\/academy\/#organization"},"potentialAction":[{"@type":"SearchAction","target":{"@type":"EntryPoint","urlTemplate":"https:\/\/simplygest.cloud\/academy\/?s={search_term_string}"},"query-input":{"@type":"PropertyValueSpecification","valueRequired":true,"valueName":"search_term_string"}}],"inLanguage":"es"},{"@type":"Organization","@id":"https:\/\/simplygest.cloud\/academy\/#organization","name":"SimplyGest Cloud","url":"https:\/\/simplygest.cloud\/academy\/","logo":{"@type":"ImageObject","inLanguage":"es","@id":"https:\/\/simplygest.cloud\/academy\/#\/schema\/logo\/image\/","url":"https:\/\/simplygest.cloud\/academy\/wp-content\/uploads\/2023\/07\/logosgcloud.png","contentUrl":"https:\/\/simplygest.cloud\/academy\/wp-content\/uploads\/2023\/07\/logosgcloud.png","width":512,"height":512,"caption":"SimplyGest Cloud"},"image":{"@id":"https:\/\/simplygest.cloud\/academy\/#\/schema\/logo\/image\/"},"sameAs":["https:\/\/www.facebook.com\/simplygest","https:\/\/x.com\/simplygest"]},{"@type":"Person","@id":"https:\/\/simplygest.cloud\/academy\/#\/schema\/person\/a8b5e471cdf93e073ad642aaf943ce03","name":"sgcloudacademy","image":{"@type":"ImageObject","inLanguage":"es","@id":"https:\/\/simplygest.cloud\/academy\/#\/schema\/person\/image\/","url":"https:\/\/secure.gravatar.com\/avatar\/7e4c4f906405d80735ffe55942402dd2?s=96&d=mm&r=g","contentUrl":"https:\/\/secure.gravatar.com\/avatar\/7e4c4f906405d80735ffe55942402dd2?s=96&d=mm&r=g","caption":"sgcloudacademy"},"sameAs":["https:\/\/simplygest.cloud\/academy"],"url":"https:\/\/simplygest.cloud\/academy\/author\/sgcloudacademy\/"}]}},"_links":{"self":[{"href":"https:\/\/simplygest.cloud\/academy\/wp-json\/wp\/v2\/posts\/3090"}],"collection":[{"href":"https:\/\/simplygest.cloud\/academy\/wp-json\/wp\/v2\/posts"}],"about":[{"href":"https:\/\/simplygest.cloud\/academy\/wp-json\/wp\/v2\/types\/post"}],"author":[{"embeddable":true,"href":"https:\/\/simplygest.cloud\/academy\/wp-json\/wp\/v2\/users\/1"}],"replies":[{"embeddable":true,"href":"https:\/\/simplygest.cloud\/academy\/wp-json\/wp\/v2\/comments?post=3090"}],"version-history":[{"count":3,"href":"https:\/\/simplygest.cloud\/academy\/wp-json\/wp\/v2\/posts\/3090\/revisions"}],"predecessor-version":[{"id":3114,"href":"https:\/\/simplygest.cloud\/academy\/wp-json\/wp\/v2\/posts\/3090\/revisions\/3114"}],"wp:attachment":[{"href":"https:\/\/simplygest.cloud\/academy\/wp-json\/wp\/v2\/media?parent=3090"}],"wp:term":[{"taxonomy":"category","embeddable":true,"href":"https:\/\/simplygest.cloud\/academy\/wp-json\/wp\/v2\/categories?post=3090"},{"taxonomy":"post_tag","embeddable":true,"href":"https:\/\/simplygest.cloud\/academy\/wp-json\/wp\/v2\/tags?post=3090"}],"curies":[{"name":"wp","href":"https:\/\/api.w.org\/{rel}","templated":true}]}}